{"id":24211,"date":"2025-11-06T07:00:49","date_gmt":"2025-11-06T12:00:49","guid":{"rendered":"https:\/\/www.circularmaterials.ca\/?p=24211"},"modified":"2025-11-05T17:30:36","modified_gmt":"2025-11-05T22:30:36","slug":"coming-soon-the-circular-exchange","status":"publish","type":"post","link":"https:\/\/www.circularmaterials.ca\/fr\/news\/coming-soon-the-circular-exchange\/","title":{"rendered":"\u00c0 venir: The Circular Exchange avec l\u2019animateur de podcast Allen Langdon"},"content":{"rendered":"<div data-elementor-type=\"wp-post\" data-elementor-id=\"24211\" class=\"elementor elementor-24211\" data-elementor-post-type=\"post\">\n\t\t\t\t<div class=\"elementor-element elementor-element-daefdb2 e-flex e-con-boxed e-con e-parent\" data-id=\"daefdb2\" data-element_type=\"container\" data-e-type=\"container\">\n\t\t\t\t\t<div class=\"e-con-inner\">\n\t\t\t\t<div class=\"elementor-element elementor-element-34f71b8 elementor-widget__width-auto elementor-widget elementor-widget-video\" data-id=\"34f71b8\" data-element_type=\"widget\" data-e-type=\"widget\" data-settings=\"{&quot;youtube_url&quot;:&quot;https:\\\/\\\/youtu.be\\\/foAA1rNBapQ&quot;,&quot;video_type&quot;:&quot;youtube&quot;,&quot;controls&quot;:&quot;yes&quot;}\" data-widget_type=\"video.default\">\n\t\t\t\t<div class=\"elementor-widget-container\">\n\t\t\t\t\t\t\t<div class=\"elementor-wrapper elementor-open-inline\">\n\t\t\t<div class=\"elementor-video\"><\/div>\t\t<\/div>\n\t\t\t\t\t\t<\/div>\n\t\t\t\t<\/div>\n\t\t\t\t\t<\/div>\n\t\t\t\t<\/div>\n\t\t<div class=\"elementor-element elementor-element-fcf3f1c e-flex e-con-boxed e-con e-parent\" data-id=\"fcf3f1c\" data-element_type=\"container\" data-e-type=\"container\">\n\t\t\t\t\t<div class=\"e-con-inner\">\n\t\t\t\t<div class=\"elementor-element elementor-element-ee90b6a elementor-widget elementor-widget-text-editor\" data-id=\"ee90b6a\" data-element_type=\"widget\" data-e-type=\"widget\" data-widget_type=\"text-editor.default\">\n\t\t\t\t<div class=\"elementor-widget-container\">\n\t\t\t\t\t\t\t\t\t<p><span data-contrast=\"auto\">Circular Materials est heureux de lancer\u00a0<\/span><i><span data-contrast=\"auto\">The Circular Exchange,<\/span><\/i><span data-contrast=\"auto\">\u00a0o\u00f9 les leaders se r\u00e9uniront pour des conversations sur le recyclage et l\u2019\u00e9conomie circulaire. Votre animateur de podcast, Allen Langdon, PDG de Circular Materials, dirigera des conversations avec une vari\u00e9t\u00e9 d\u2019invit\u00e9s, discutant de sujets importants li\u00e9s \u00e0 la responsabilit\u00e9 \u00e9largie du producteur (REP) et \u00e0 l\u2019innovation en mati\u00e8re de recyclage alors que nous continuons ensemble \u00e0 faire progresser l\u2019\u00e9conomie circulaire. Ces conversations mettront en lumi\u00e8re la collaboration, l\u2019innovation et les progr\u00e8s qui se produisent actuellement ainsi que les possibilit\u00e9s pour l\u2019avenir. Nous avons h\u00e2te de partager ces conversations avec vous, compl\u00e9tant ainsi le contexte du lancement de la REP au Yukon et en Nouvelle-\u00c9cosse et de l\u2019ach\u00e8vement de la transition compl\u00e8te de l\u2019Ontario vers la REP le 1er janvier 2026, y compris\u00a0<\/span><a href=\"https:\/\/www.circularmaterials.ca\/fr\/news\/ontario-new-materials\/\"><span data-contrast=\"none\">les am\u00e9liorations passionnantes apport\u00e9es au recyclage des bo\u00eetes bleues en Ontario.<\/span><\/a><span data-contrast=\"auto\">.<\/span><span data-ccp-props=\"{&quot;201341983&quot;:0,&quot;335559740&quot;:279}\">\u00a0<\/span><\/p><p><span data-contrast=\"auto\">Suivez-nous sur la plateforme de podcast de votre choix (y compris Spotify et Apple Podcasts) et restez \u00e0 l\u2019\u00e9coute pour nos premiers \u00e9pisodes qui sortiront cet automne !<\/span><span data-ccp-props=\"{&quot;201341983&quot;:0,&quot;335559740&quot;:279}\">\u00a0<\/span><\/p>\t\t\t\t\t\t\t\t<\/div>\n\t\t\t\t<\/div>\n\t\t\t\t\t<\/div>\n\t\t\t\t<\/div>\n\t\t\t\t<\/div>\n\t\t<div class=\"acf-fields-container\" data-post-id=\"24211\" data-canto-acf=\"true\"><\/div><style>\r\n        .acf-fields-container {\r\n            margin: 2em 0;\r\n            width: 100%;\r\n            clear: both;\r\n        }\r\n        .acf-field-image {\r\n            margin: 1.5em 0;\r\n            position: relative;\r\n        }\r\n        .acf-field-label {\r\n            margin-bottom: 1em;\r\n        }\r\n        .acf-image {\r\n            max-width: 100%;\r\n            height: auto;\r\n            display: block;\r\n            margin: 1em 0;\r\n        }\r\n    <\/style>","protected":false},"excerpt":{"rendered":"<p>Circular Materials a le plaisir de lancer The Circular Exchange, o\u00f9 des leaders se r\u00e9uniront pour discuter du recyclage et de l'\u00e9conomie circulaire. <\/p>","protected":false},"author":12,"featured_media":24213,"comment_status":"closed","ping_status":"closed","sticky":false,"template":"","format":"standard","meta":{"_acf_changed":false,"inline_featured_image":false,"footnotes":""},"categories":[1],"tags":[],"class_list":["post-24211","post","type-post","status-publish","format-standard","has-post-thumbnail","hentry","category-news"],"acf":[],"aioseo_notices":[],"canto_acf_fields":"<div class=\"acf-fields-container\" data-post-id=\"24211\" data-canto-acf=\"true\"><\/div><style>\r\n        .acf-fields-container {\r\n            margin: 2em 0;\r\n            width: 100%;\r\n            clear: both;\r\n        }\r\n        .acf-field-image {\r\n            margin: 1.5em 0;\r\n            position: relative;\r\n        }\r\n        .acf-field-label {\r\n            margin-bottom: 1em;\r\n        }\r\n        .acf-image {\r\n            max-width: 100%;\r\n            height: auto;\r\n            display: block;\r\n            margin: 1em 0;\r\n        }\r\n    <\/style>","_links":{"self":[{"href":"https:\/\/www.circularmaterials.ca\/fr\/wp-json\/wp\/v2\/posts\/24211","targetHints":{"allow":["GET"]}}],"collection":[{"href":"https:\/\/www.circularmaterials.ca\/fr\/wp-json\/wp\/v2\/posts"}],"about":[{"href":"https:\/\/www.circularmaterials.ca\/fr\/wp-json\/wp\/v2\/types\/post"}],"author":[{"embeddable":true,"href":"https:\/\/www.circularmaterials.ca\/fr\/wp-json\/wp\/v2\/users\/12"}],"replies":[{"embeddable":true,"href":"https:\/\/www.circularmaterials.ca\/fr\/wp-json\/wp\/v2\/comments?post=24211"}],"version-history":[{"count":8,"href":"https:\/\/www.circularmaterials.ca\/fr\/wp-json\/wp\/v2\/posts\/24211\/revisions"}],"predecessor-version":[{"id":24221,"href":"https:\/\/www.circularmaterials.ca\/fr\/wp-json\/wp\/v2\/posts\/24211\/revisions\/24221"}],"wp:featuredmedia":[{"embeddable":true,"href":"https:\/\/www.circularmaterials.ca\/fr\/wp-json\/wp\/v2\/media\/24213"}],"wp:attachment":[{"href":"https:\/\/www.circularmaterials.ca\/fr\/wp-json\/wp\/v2\/media?parent=24211"}],"wp:term":[{"taxonomy":"category","embeddable":true,"href":"https:\/\/www.circularmaterials.ca\/fr\/wp-json\/wp\/v2\/categories?post=24211"},{"taxonomy":"post_tag","embeddable":true,"href":"https:\/\/www.circularmaterials.ca\/fr\/wp-json\/wp\/v2\/tags?post=24211"}],"curies":[{"name":"wp","href":"https:\/\/api.w.org\/{rel}","templated":true}]}}